{"id":9,"count":3,"description":"","link":"http:\/\/blog.perspektive-hoeren.info\/ro\/tag\/spenden\/","name":"Spenden","slug":"spenden","taxonomy":"post_tag","meta":[],"yoast_head":"<!-- This site is optimized with the Yoast SEO plugin v27.5 - https:\/\/yoast.com\/product\/yoast-seo-wordpress\/ -->\n<title>Spenden Archive - Perspektive H\u00f6ren<\/title>\n<meta name=\"robots\" content=\"index, follow, max-snippet:-1, max-image-preview:large, max-video-preview:-1\" \/>\n<link rel=\"canonical\" href=\"https:\/\/blog.perspektive-hoeren.info\/ro\/tag\/spenden\/\" \/>\n<meta property=\"og:locale\" content=\"ro_RO\" \/>\n<meta property=\"og:type\" content=\"article\" \/>\n<meta property=\"og:title\" content=\"Spenden Archive - Perspektive H\u00f6ren\" \/>\n<meta property=\"og:url\" content=\"https:\/\/blog.perspektive-hoeren.info\/ro\/tag\/spenden\/\" \/>\n<meta property=\"og:site_name\" content=\"Perspektive H\u00f6ren\" \/>\n<meta name=\"twitter:card\" content=\"summary_large_image\" \/>\n<script type=\"application\/ld+json\" class=\"yoast-schema-graph\">{\"@context\":\"https:\\\/\\\/schema.org\",\"@graph\":[{\"@type\":\"CollectionPage\",\"@id\":\"https:\\\/\\\/blog.perspektive-hoeren.info\\\/ro\\\/tag\\\/spenden\\\/\",\"url\":\"https:\\\/\\\/blog.perspektive-hoeren.info\\\/ro\\\/tag\\\/spenden\\\/\",\"name\":\"Spenden Archive - Perspektive H\u00f6ren\",\"isPartOf\":{\"@id\":\"http:\\\/\\\/blog.perspektive-hoeren.info\\\/#website\"},\"breadcrumb\":{\"@id\":\"https:\\\/\\\/blog.perspektive-hoeren.info\\\/ro\\\/tag\\\/spenden\\\/#breadcrumb\"},\"inLanguage\":\"ro-RO\",\"description\":\"\"},{\"@type\":\"BreadcrumbList\",\"@id\":\"https:\\\/\\\/blog.perspektive-hoeren.info\\\/ro\\\/tag\\\/spenden\\\/#breadcrumb\",\"itemListElement\":[{\"@type\":\"ListItem\",\"position\":1,\"name\":\"Startseite\",\"item\":\"http:\\\/\\\/blog.perspektive-hoeren.info\\\/\"},{\"@type\":\"ListItem\",\"position\":2,\"name\":\"Spenden\"}]},{\"@type\":\"WebSite\",\"@id\":\"http:\\\/\\\/blog.perspektive-hoeren.info\\\/#website\",\"url\":\"http:\\\/\\\/blog.perspektive-hoeren.info\\\/\",\"name\":\"Perspektive H\u00f6ren\",\"description\":\"F\u00f6rderverein f\u00fcr h\u00f6rgesch\u00e4digte Kinder und Jugendliche in Rum\u00e4nien und anderen osteurop\u00e4ischen L\u00e4ndern e.V.\",\"publisher\":{\"@id\":\"http:\\\/\\\/blog.perspektive-hoeren.info\\\/#organization\"},\"potentialAction\":[{\"@type\":\"SearchAction\",\"target\":{\"@type\":\"EntryPoint\",\"urlTemplate\":\"http:\\\/\\\/blog.perspektive-hoeren.info\\\/?s={search_term_string}\"},\"query-input\":{\"@type\":\"PropertyValueSpecification\",\"valueRequired\":true,\"valueName\":\"search_term_string\"}}],\"inLanguage\":\"ro-RO\"},{\"@type\":\"Organization\",\"@id\":\"http:\\\/\\\/blog.perspektive-hoeren.info\\\/#organization\",\"name\":\"Perspektive H\u00f6ren\",\"url\":\"http:\\\/\\\/blog.perspektive-hoeren.info\\\/\",\"logo\":{\"@type\":\"ImageObject\",\"inLanguage\":\"ro-RO\",\"@id\":\"http:\\\/\\\/blog.perspektive-hoeren.info\\\/#\\\/schema\\\/logo\\\/image\\\/\",\"url\":\"http:\\\/\\\/blog.perspektive-hoeren.info\\\/wp-content\\\/uploads\\\/2018\\\/02\\\/cropped-Perspektive_mobile.png\",\"contentUrl\":\"http:\\\/\\\/blog.perspektive-hoeren.info\\\/wp-content\\\/uploads\\\/2018\\\/02\\\/cropped-Perspektive_mobile.png\",\"width\":598,\"height\":92,\"caption\":\"Perspektive H\u00f6ren\"},\"image\":{\"@id\":\"http:\\\/\\\/blog.perspektive-hoeren.info\\\/#\\\/schema\\\/logo\\\/image\\\/\"}}]}<\/script>\n<!-- \/ Yoast SEO plugin. -->","yoast_head_json":{"title":"Spenden Archive - Perspektive H\u00f6ren","robots":{"index":"index","follow":"follow","max-snippet":"max-snippet:-1","max-image-preview":"max-image-preview:large","max-video-preview":"max-video-preview:-1"},"canonical":"https:\/\/blog.perspektive-hoeren.info\/ro\/tag\/spenden\/","og_locale":"ro_RO","og_type":"article","og_title":"Spenden Archive - Perspektive H\u00f6ren","og_url":"https:\/\/blog.perspektive-hoeren.info\/ro\/tag\/spenden\/","og_site_name":"Perspektive H\u00f6ren","twitter_card":"summary_large_image","schema":{"@context":"https:\/\/schema.org","@graph":[{"@type":"CollectionPage","@id":"https:\/\/blog.perspektive-hoeren.info\/ro\/tag\/spenden\/","url":"https:\/\/blog.perspektive-hoeren.info\/ro\/tag\/spenden\/","name":"Spenden Archive - Perspektive H\u00f6ren","isPartOf":{"@id":"http:\/\/blog.perspektive-hoeren.info\/#website"},"breadcrumb":{"@id":"https:\/\/blog.perspektive-hoeren.info\/ro\/tag\/spenden\/#breadcrumb"},"inLanguage":"ro-RO","description":""},{"@type":"BreadcrumbList","@id":"https:\/\/blog.perspektive-hoeren.info\/ro\/tag\/spenden\/#breadcrumb","itemListElement":[{"@type":"ListItem","position":1,"name":"Startseite","item":"http:\/\/blog.perspektive-hoeren.info\/"},{"@type":"ListItem","position":2,"name":"Spenden"}]},{"@type":"WebSite","@id":"http:\/\/blog.perspektive-hoeren.info\/#website","url":"http:\/\/blog.perspektive-hoeren.info\/","name":"Perspektive H\u00f6ren","description":"F\u00f6rderverein f\u00fcr h\u00f6rgesch\u00e4digte Kinder und Jugendliche in Rum\u00e4nien und anderen osteurop\u00e4ischen L\u00e4ndern e.V.","publisher":{"@id":"http:\/\/blog.perspektive-hoeren.info\/#organization"},"potentialAction":[{"@type":"SearchAction","target":{"@type":"EntryPoint","urlTemplate":"http:\/\/blog.perspektive-hoeren.info\/?s={search_term_string}"},"query-input":{"@type":"PropertyValueSpecification","valueRequired":true,"valueName":"search_term_string"}}],"inLanguage":"ro-RO"},{"@type":"Organization","@id":"http:\/\/blog.perspektive-hoeren.info\/#organization","name":"Perspektive H\u00f6ren","url":"http:\/\/blog.perspektive-hoeren.info\/","logo":{"@type":"ImageObject","inLanguage":"ro-RO","@id":"http:\/\/blog.perspektive-hoeren.info\/#\/schema\/logo\/image\/","url":"http:\/\/blog.perspektive-hoeren.info\/wp-content\/uploads\/2018\/02\/cropped-Perspektive_mobile.png","contentUrl":"http:\/\/blog.perspektive-hoeren.info\/wp-content\/uploads\/2018\/02\/cropped-Perspektive_mobile.png","width":598,"height":92,"caption":"Perspektive H\u00f6ren"},"image":{"@id":"http:\/\/blog.perspektive-hoeren.info\/#\/schema\/logo\/image\/"}}]}},"_links":{"self":[{"href":"http:\/\/blog.perspektive-hoeren.info\/ro\/wp-json\/wp\/v2\/tags\/9","targetHints":{"allow":["GET"]}}],"collection":[{"href":"http:\/\/blog.perspektive-hoeren.info\/ro\/wp-json\/wp\/v2\/tags"}],"about":[{"href":"http:\/\/blog.perspektive-hoeren.info\/ro\/wp-json\/wp\/v2\/taxonomies\/post_tag"}],"wp:post_type":[{"href":"http:\/\/blog.perspektive-hoeren.info\/ro\/wp-json\/wp\/v2\/posts?tags=9"}],"curies":[{"name":"wp","href":"https:\/\/api.w.org\/{rel}","templated":true}]}}